{"id":2105,"date":"2026-04-24T11:44:56","date_gmt":"2026-04-24T11:44:56","guid":{"rendered":"https:\/\/www.secondhandtampere.fi\/?p=2105"},"modified":"2026-04-27T16:00:07","modified_gmt":"2026-04-27T16:00:07","slug":"tulossa-second-hand-tampere-jaseniston-kevatkokous","status":"publish","type":"post","link":"https:\/\/www.secondhandtampere.fi\/en\/tulossa-second-hand-tampere-jaseniston-kevatkokous\/","title":{"rendered":"Coming up: Second Hand Tampere members' spring meeting"},"content":{"rendered":"<h4>ANNUAL GENERAL MEETING COMING SOON! \ud83c\udf3c<\/h4>\n<p>Second Hand Tampere will meet its members on Ascension Day, 14.05.2026, in the new and wonderful premises of Tampere Nekala from 11.00 am to 3.00 pm!<\/p>\n<p>Whether you are a corporate member or a supporting member, you are warmly welcome to join us to hear the latest news from the association and to plan the future with us.<\/p>\n<p>During the day, there will also be a speech related to the future of the second-hand sector.<\/p>\n<p>Members' meetings are the best way to influence both our association's activities and its future within the sector.<\/p>\n<p>So, come and join us for a fun day and sign up for the spring meeting by email <strong>By 10.5.2026<\/strong> \ud83d\udc8cinfo@secondhandtampere.fi<\/p>\n<p>More detailed information about the spring meeting will also be sent to members by email.<\/p>\n<p>\u2013 \u2013 \u2013<\/p>\n<p>Are you not a member yet?<br \/>\nJoin now and help make a difference! \ud83d\ude4b\ud83c\udffb\u200d\u2640\ufe0f<\/p>\n<p>Companies can apply for membership of the association via our website.<\/p>\n<p>Anyone interested in our activities can become a supporting member.<\/p>\n<p>Discover our membership <a href=\"https:\/\/www.secondhandtampere.fi\/en\/jasenyys\/\">Membership \" Second Hand Tampere<\/a>\u00a0 And jump in with the gang!<\/p>\n<p>\u2014 Join now and you'll still be able to make it to the spring meeting.<\/p>\n<p>See you in Nekala on the 14th of May. \ud83e\udd0e<\/p>","protected":false},"excerpt":{"rendered":"<p>J\u00c4SENIST\u00d6N KEV\u00c4TKOKOUS TULOSSA! \ud83c\udf3c Second Hand Tampere kokoontuu j\u00e4senist\u00f6n kesken helatorstaina 14.5.2026 uuden ja upean Tampereen Nekalabin tiloissa klo 11.00-15.00! Olit sitten yritysj\u00e4sen tai kannatusj\u00e4sen, olet l\u00e4mpim\u00e4sti tervetullut mukaan kuulemaan ajankohtaisimmat uutiset yhdistykselt\u00e4 sek\u00e4 suunnittelemaan kanssamme tulevaa. P\u00e4iv\u00e4n aikana kuullaan my\u00f6s puheenvuoro second hand -alan tulevaisuuteen liittyen. J\u00e4senist\u00f6n kokoukset ovat parhaimpia keinoja p\u00e4\u00e4st\u00e4 vaikuttamaan sek\u00e4 [&hellip;]<\/p>\n","protected":false},"author":10,"featured_media":2112,"comment_status":"closed","ping_status":"closed","sticky":false,"template":"","format":"standard","meta":{"_acf_changed":false,"footnotes":""},"categories":[18,43,16],"tags":[],"class_list":["post-2105","post","type-post","status-publish","format-standard","has-post-thumbnail","hentry","category-ajankohtaista","category-tapahtumat","category-uutiset"],"acf":[],"yoast_head":"<!-- This site is optimized with the Yoast SEO plugin v27.4 - https:\/\/yoast.com\/product\/yoast-seo-wordpress\/ -->\n<title>Tulossa: Second Hand Tampere j\u00e4senist\u00f6n kev\u00e4tkokous &#187; Second Hand Tampere<\/title>\n<meta name=\"robots\" content=\"index, follow, max-snippet:-1, max-image-preview:large, max-video-preview:-1\" \/>\n<link rel=\"canonical\" href=\"https:\/\/www.secondhandtampere.fi\/en\/tulossa-second-hand-tampere-jaseniston-kevatkokous\/\" \/>\n<meta property=\"og:locale\" content=\"en_GB\" \/>\n<meta property=\"og:type\" content=\"article\" \/>\n<meta property=\"og:title\" content=\"Tulossa: Second Hand Tampere j\u00e4senist\u00f6n kev\u00e4tkokous &#187; Second Hand Tampere\" \/>\n<meta property=\"og:description\" content=\"J\u00c4SENIST\u00d6N KEV\u00c4TKOKOUS TULOSSA! \ud83c\udf3c Second Hand Tampere kokoontuu j\u00e4senist\u00f6n kesken helatorstaina 14.5.2026 uuden ja upean Tampereen Nekalabin tiloissa klo 11.00-15.00! Olit sitten yritysj\u00e4sen tai kannatusj\u00e4sen, olet l\u00e4mpim\u00e4sti tervetullut mukaan kuulemaan ajankohtaisimmat uutiset yhdistykselt\u00e4 sek\u00e4 suunnittelemaan kanssamme tulevaa. P\u00e4iv\u00e4n aikana kuullaan my\u00f6s puheenvuoro second hand -alan tulevaisuuteen liittyen. J\u00e4senist\u00f6n kokoukset ovat parhaimpia keinoja p\u00e4\u00e4st\u00e4 vaikuttamaan sek\u00e4 [&hellip;]\" \/>\n<meta property=\"og:url\" content=\"https:\/\/www.secondhandtampere.fi\/en\/tulossa-second-hand-tampere-jaseniston-kevatkokous\/\" \/>\n<meta property=\"og:site_name\" content=\"Second Hand Tampere\" \/>\n<meta property=\"article:published_time\" content=\"2026-04-24T11:44:56+00:00\" \/>\n<meta property=\"article:modified_time\" content=\"2026-04-27T16:00:07+00:00\" \/>\n<meta property=\"og:image\" content=\"https:\/\/www.secondhandtampere.fi\/wp-content\/uploads\/2026\/04\/Syyskokous_LA02112024_Tavara-asema-_KuvatIidaSchwartz-32-e1777031057490.jpg\" \/>\n\t<meta property=\"og:image:width\" content=\"1676\" \/>\n\t<meta property=\"og:image:height\" content=\"1365\" \/>\n\t<meta property=\"og:image:type\" content=\"image\/jpeg\" \/>\n<meta name=\"author\" content=\"Yleis K\u00e4ytt\u00e4j\u00e4\" \/>\n<meta name=\"twitter:card\" content=\"summary_large_image\" \/>\n<meta name=\"twitter:label1\" content=\"Written by\" \/>\n\t<meta name=\"twitter:data1\" content=\"Yleis K\u00e4ytt\u00e4j\u00e4\" \/>\n\t<meta name=\"twitter:label2\" content=\"Estimated reading time\" \/>\n\t<meta name=\"twitter:data2\" content=\"2 minutes\" \/>\n<script type=\"application\/ld+json\" class=\"yoast-schema-graph\">{\"@context\":\"https:\\\/\\\/schema.org\",\"@graph\":[{\"@type\":\"Article\",\"@id\":\"https:\\\/\\\/www.secondhandtampere.fi\\\/tulossa-second-hand-tampere-jaseniston-kevatkokous\\\/#article\",\"isPartOf\":{\"@id\":\"https:\\\/\\\/www.secondhandtampere.fi\\\/tulossa-second-hand-tampere-jaseniston-kevatkokous\\\/\"},\"author\":{\"name\":\"Yleis K\u00e4ytt\u00e4j\u00e4\",\"@id\":\"https:\\\/\\\/www.secondhandtampere.fi\\\/#\\\/schema\\\/person\\\/c74e740244ece04ba1d176a50ebb6ac4\"},\"headline\":\"Tulossa: Second Hand Tampere j\u00e4senist\u00f6n kev\u00e4tkokous\",\"datePublished\":\"2026-04-24T11:44:56+00:00\",\"dateModified\":\"2026-04-27T16:00:07+00:00\",\"mainEntityOfPage\":{\"@id\":\"https:\\\/\\\/www.secondhandtampere.fi\\\/tulossa-second-hand-tampere-jaseniston-kevatkokous\\\/\"},\"wordCount\":177,\"publisher\":{\"@id\":\"https:\\\/\\\/www.secondhandtampere.fi\\\/#organization\"},\"image\":{\"@id\":\"https:\\\/\\\/www.secondhandtampere.fi\\\/tulossa-second-hand-tampere-jaseniston-kevatkokous\\\/#primaryimage\"},\"thumbnailUrl\":\"https:\\\/\\\/www.secondhandtampere.fi\\\/wp-content\\\/uploads\\\/2026\\\/04\\\/Syyskokous_LA02112024_Tavara-asema-_KuvatIidaSchwartz-32-e1777031057490.jpg\",\"articleSection\":[\"Ajankohtaista\",\"Tapahtumat\",\"Uutiset\"],\"inLanguage\":\"en-GB\"},{\"@type\":\"WebPage\",\"@id\":\"https:\\\/\\\/www.secondhandtampere.fi\\\/tulossa-second-hand-tampere-jaseniston-kevatkokous\\\/\",\"url\":\"https:\\\/\\\/www.secondhandtampere.fi\\\/tulossa-second-hand-tampere-jaseniston-kevatkokous\\\/\",\"name\":\"Tulossa: Second Hand Tampere j\u00e4senist\u00f6n kev\u00e4tkokous &#187; Second Hand Tampere\",\"isPartOf\":{\"@id\":\"https:\\\/\\\/www.secondhandtampere.fi\\\/#website\"},\"primaryImageOfPage\":{\"@id\":\"https:\\\/\\\/www.secondhandtampere.fi\\\/tulossa-second-hand-tampere-jaseniston-kevatkokous\\\/#primaryimage\"},\"image\":{\"@id\":\"https:\\\/\\\/www.secondhandtampere.fi\\\/tulossa-second-hand-tampere-jaseniston-kevatkokous\\\/#primaryimage\"},\"thumbnailUrl\":\"https:\\\/\\\/www.secondhandtampere.fi\\\/wp-content\\\/uploads\\\/2026\\\/04\\\/Syyskokous_LA02112024_Tavara-asema-_KuvatIidaSchwartz-32-e1777031057490.jpg\",\"datePublished\":\"2026-04-24T11:44:56+00:00\",\"dateModified\":\"2026-04-27T16:00:07+00:00\",\"breadcrumb\":{\"@id\":\"https:\\\/\\\/www.secondhandtampere.fi\\\/tulossa-second-hand-tampere-jaseniston-kevatkokous\\\/#breadcrumb\"},\"inLanguage\":\"en-GB\",\"potentialAction\":[{\"@type\":\"ReadAction\",\"target\":[\"https:\\\/\\\/www.secondhandtampere.fi\\\/tulossa-second-hand-tampere-jaseniston-kevatkokous\\\/\"]}]},{\"@type\":\"ImageObject\",\"inLanguage\":\"en-GB\",\"@id\":\"https:\\\/\\\/www.secondhandtampere.fi\\\/tulossa-second-hand-tampere-jaseniston-kevatkokous\\\/#primaryimage\",\"url\":\"https:\\\/\\\/www.secondhandtampere.fi\\\/wp-content\\\/uploads\\\/2026\\\/04\\\/Syyskokous_LA02112024_Tavara-asema-_KuvatIidaSchwartz-32-e1777031057490.jpg\",\"contentUrl\":\"https:\\\/\\\/www.secondhandtampere.fi\\\/wp-content\\\/uploads\\\/2026\\\/04\\\/Syyskokous_LA02112024_Tavara-asema-_KuvatIidaSchwartz-32-e1777031057490.jpg\",\"width\":1676,\"height\":1365},{\"@type\":\"BreadcrumbList\",\"@id\":\"https:\\\/\\\/www.secondhandtampere.fi\\\/tulossa-second-hand-tampere-jaseniston-kevatkokous\\\/#breadcrumb\",\"itemListElement\":[{\"@type\":\"ListItem\",\"position\":1,\"name\":\"Etusivu\",\"item\":\"https:\\\/\\\/www.secondhandtampere.fi\\\/\"},{\"@type\":\"ListItem\",\"position\":2,\"name\":\"Tulossa: Second Hand Tampere j\u00e4senist\u00f6n kev\u00e4tkokous\"}]},{\"@type\":\"WebSite\",\"@id\":\"https:\\\/\\\/www.secondhandtampere.fi\\\/#website\",\"url\":\"https:\\\/\\\/www.secondhandtampere.fi\\\/\",\"name\":\"Second Hand Tampere\",\"description\":\"\",\"publisher\":{\"@id\":\"https:\\\/\\\/www.secondhandtampere.fi\\\/#organization\"},\"potentialAction\":[{\"@type\":\"SearchAction\",\"target\":{\"@type\":\"EntryPoint\",\"urlTemplate\":\"https:\\\/\\\/www.secondhandtampere.fi\\\/?s={search_term_string}\"},\"query-input\":{\"@type\":\"PropertyValueSpecification\",\"valueRequired\":true,\"valueName\":\"search_term_string\"}}],\"inLanguage\":\"en-GB\"},{\"@type\":\"Organization\",\"@id\":\"https:\\\/\\\/www.secondhandtampere.fi\\\/#organization\",\"name\":\"Second Hand Tampere\",\"url\":\"https:\\\/\\\/www.secondhandtampere.fi\\\/\",\"logo\":{\"@type\":\"ImageObject\",\"inLanguage\":\"en-GB\",\"@id\":\"https:\\\/\\\/www.secondhandtampere.fi\\\/#\\\/schema\\\/logo\\\/image\\\/\",\"url\":\"https:\\\/\\\/www.secondhandtampere.fi\\\/wp-content\\\/uploads\\\/2025\\\/09\\\/Neliologo4-03-scaled.png\",\"contentUrl\":\"https:\\\/\\\/www.secondhandtampere.fi\\\/wp-content\\\/uploads\\\/2025\\\/09\\\/Neliologo4-03-scaled.png\",\"width\":2560,\"height\":2560,\"caption\":\"Second Hand Tampere\"},\"image\":{\"@id\":\"https:\\\/\\\/www.secondhandtampere.fi\\\/#\\\/schema\\\/logo\\\/image\\\/\"},\"sameAs\":[\"https:\\\/\\\/www.instagram.com\\\/2nd_handtampere\\\/\"]},{\"@type\":\"Person\",\"@id\":\"https:\\\/\\\/www.secondhandtampere.fi\\\/#\\\/schema\\\/person\\\/c74e740244ece04ba1d176a50ebb6ac4\",\"name\":\"Yleis K\u00e4ytt\u00e4j\u00e4\",\"url\":\"https:\\\/\\\/www.secondhandtampere.fi\\\/en\\\/author\\\/yleishenkilo-admin\\\/\"}]}<\/script>\n<!-- \/ Yoast SEO plugin. -->","yoast_head_json":{"title":"Tulossa: Second Hand Tampere j\u00e4senist\u00f6n kev\u00e4tkokous &#187; Second Hand Tampere","robots":{"index":"index","follow":"follow","max-snippet":"max-snippet:-1","max-image-preview":"max-image-preview:large","max-video-preview":"max-video-preview:-1"},"canonical":"https:\/\/www.secondhandtampere.fi\/en\/tulossa-second-hand-tampere-jaseniston-kevatkokous\/","og_locale":"en_GB","og_type":"article","og_title":"Tulossa: Second Hand Tampere j\u00e4senist\u00f6n kev\u00e4tkokous &#187; Second Hand Tampere","og_description":"J\u00c4SENIST\u00d6N KEV\u00c4TKOKOUS TULOSSA! \ud83c\udf3c Second Hand Tampere kokoontuu j\u00e4senist\u00f6n kesken helatorstaina 14.5.2026 uuden ja upean Tampereen Nekalabin tiloissa klo 11.00-15.00! Olit sitten yritysj\u00e4sen tai kannatusj\u00e4sen, olet l\u00e4mpim\u00e4sti tervetullut mukaan kuulemaan ajankohtaisimmat uutiset yhdistykselt\u00e4 sek\u00e4 suunnittelemaan kanssamme tulevaa. P\u00e4iv\u00e4n aikana kuullaan my\u00f6s puheenvuoro second hand -alan tulevaisuuteen liittyen. J\u00e4senist\u00f6n kokoukset ovat parhaimpia keinoja p\u00e4\u00e4st\u00e4 vaikuttamaan sek\u00e4 [&hellip;]","og_url":"https:\/\/www.secondhandtampere.fi\/en\/tulossa-second-hand-tampere-jaseniston-kevatkokous\/","og_site_name":"Second Hand Tampere","article_published_time":"2026-04-24T11:44:56+00:00","article_modified_time":"2026-04-27T16:00:07+00:00","og_image":[{"width":1676,"height":1365,"url":"https:\/\/www.secondhandtampere.fi\/wp-content\/uploads\/2026\/04\/Syyskokous_LA02112024_Tavara-asema-_KuvatIidaSchwartz-32-e1777031057490.jpg","type":"image\/jpeg"}],"author":"Yleis K\u00e4ytt\u00e4j\u00e4","twitter_card":"summary_large_image","twitter_misc":{"Written by":"Yleis K\u00e4ytt\u00e4j\u00e4","Estimated reading time":"2 minutes"},"schema":{"@context":"https:\/\/schema.org","@graph":[{"@type":"Article","@id":"https:\/\/www.secondhandtampere.fi\/tulossa-second-hand-tampere-jaseniston-kevatkokous\/#article","isPartOf":{"@id":"https:\/\/www.secondhandtampere.fi\/tulossa-second-hand-tampere-jaseniston-kevatkokous\/"},"author":{"name":"Yleis K\u00e4ytt\u00e4j\u00e4","@id":"https:\/\/www.secondhandtampere.fi\/#\/schema\/person\/c74e740244ece04ba1d176a50ebb6ac4"},"headline":"Tulossa: Second Hand Tampere j\u00e4senist\u00f6n kev\u00e4tkokous","datePublished":"2026-04-24T11:44:56+00:00","dateModified":"2026-04-27T16:00:07+00:00","mainEntityOfPage":{"@id":"https:\/\/www.secondhandtampere.fi\/tulossa-second-hand-tampere-jaseniston-kevatkokous\/"},"wordCount":177,"publisher":{"@id":"https:\/\/www.secondhandtampere.fi\/#organization"},"image":{"@id":"https:\/\/www.secondhandtampere.fi\/tulossa-second-hand-tampere-jaseniston-kevatkokous\/#primaryimage"},"thumbnailUrl":"https:\/\/www.secondhandtampere.fi\/wp-content\/uploads\/2026\/04\/Syyskokous_LA02112024_Tavara-asema-_KuvatIidaSchwartz-32-e1777031057490.jpg","articleSection":["Ajankohtaista","Tapahtumat","Uutiset"],"inLanguage":"en-GB"},{"@type":"WebPage","@id":"https:\/\/www.secondhandtampere.fi\/tulossa-second-hand-tampere-jaseniston-kevatkokous\/","url":"https:\/\/www.secondhandtampere.fi\/tulossa-second-hand-tampere-jaseniston-kevatkokous\/","name":"Tulossa: Second Hand Tampere j\u00e4senist\u00f6n kev\u00e4tkokous &#187; Second Hand Tampere","isPartOf":{"@id":"https:\/\/www.secondhandtampere.fi\/#website"},"primaryImageOfPage":{"@id":"https:\/\/www.secondhandtampere.fi\/tulossa-second-hand-tampere-jaseniston-kevatkokous\/#primaryimage"},"image":{"@id":"https:\/\/www.secondhandtampere.fi\/tulossa-second-hand-tampere-jaseniston-kevatkokous\/#primaryimage"},"thumbnailUrl":"https:\/\/www.secondhandtampere.fi\/wp-content\/uploads\/2026\/04\/Syyskokous_LA02112024_Tavara-asema-_KuvatIidaSchwartz-32-e1777031057490.jpg","datePublished":"2026-04-24T11:44:56+00:00","dateModified":"2026-04-27T16:00:07+00:00","breadcrumb":{"@id":"https:\/\/www.secondhandtampere.fi\/tulossa-second-hand-tampere-jaseniston-kevatkokous\/#breadcrumb"},"inLanguage":"en-GB","potentialAction":[{"@type":"ReadAction","target":["https:\/\/www.secondhandtampere.fi\/tulossa-second-hand-tampere-jaseniston-kevatkokous\/"]}]},{"@type":"ImageObject","inLanguage":"en-GB","@id":"https:\/\/www.secondhandtampere.fi\/tulossa-second-hand-tampere-jaseniston-kevatkokous\/#primaryimage","url":"https:\/\/www.secondhandtampere.fi\/wp-content\/uploads\/2026\/04\/Syyskokous_LA02112024_Tavara-asema-_KuvatIidaSchwartz-32-e1777031057490.jpg","contentUrl":"https:\/\/www.secondhandtampere.fi\/wp-content\/uploads\/2026\/04\/Syyskokous_LA02112024_Tavara-asema-_KuvatIidaSchwartz-32-e1777031057490.jpg","width":1676,"height":1365},{"@type":"BreadcrumbList","@id":"https:\/\/www.secondhandtampere.fi\/tulossa-second-hand-tampere-jaseniston-kevatkokous\/#breadcrumb","itemListElement":[{"@type":"ListItem","position":1,"name":"Etusivu","item":"https:\/\/www.secondhandtampere.fi\/"},{"@type":"ListItem","position":2,"name":"Tulossa: Second Hand Tampere j\u00e4senist\u00f6n kev\u00e4tkokous"}]},{"@type":"WebSite","@id":"https:\/\/www.secondhandtampere.fi\/#website","url":"https:\/\/www.secondhandtampere.fi\/","name":"Second Hand Tampere","description":"","publisher":{"@id":"https:\/\/www.secondhandtampere.fi\/#organization"},"potentialAction":[{"@type":"SearchAction","target":{"@type":"EntryPoint","urlTemplate":"https:\/\/www.secondhandtampere.fi\/?s={search_term_string}"},"query-input":{"@type":"PropertyValueSpecification","valueRequired":true,"valueName":"search_term_string"}}],"inLanguage":"en-GB"},{"@type":"Organization","@id":"https:\/\/www.secondhandtampere.fi\/#organization","name":"Second Hand Tampere","url":"https:\/\/www.secondhandtampere.fi\/","logo":{"@type":"ImageObject","inLanguage":"en-GB","@id":"https:\/\/www.secondhandtampere.fi\/#\/schema\/logo\/image\/","url":"https:\/\/www.secondhandtampere.fi\/wp-content\/uploads\/2025\/09\/Neliologo4-03-scaled.png","contentUrl":"https:\/\/www.secondhandtampere.fi\/wp-content\/uploads\/2025\/09\/Neliologo4-03-scaled.png","width":2560,"height":2560,"caption":"Second Hand Tampere"},"image":{"@id":"https:\/\/www.secondhandtampere.fi\/#\/schema\/logo\/image\/"},"sameAs":["https:\/\/www.instagram.com\/2nd_handtampere\/"]},{"@type":"Person","@id":"https:\/\/www.secondhandtampere.fi\/#\/schema\/person\/c74e740244ece04ba1d176a50ebb6ac4","name":"General User","url":"https:\/\/www.secondhandtampere.fi\/en\/author\/yleishenkilo-admin\/"}]}},"_links":{"self":[{"href":"https:\/\/www.secondhandtampere.fi\/en\/wp-json\/wp\/v2\/posts\/2105","targetHints":{"allow":["GET"]}}],"collection":[{"href":"https:\/\/www.secondhandtampere.fi\/en\/wp-json\/wp\/v2\/posts"}],"about":[{"href":"https:\/\/www.secondhandtampere.fi\/en\/wp-json\/wp\/v2\/types\/post"}],"author":[{"embeddable":true,"href":"https:\/\/www.secondhandtampere.fi\/en\/wp-json\/wp\/v2\/users\/10"}],"replies":[{"embeddable":true,"href":"https:\/\/www.secondhandtampere.fi\/en\/wp-json\/wp\/v2\/comments?post=2105"}],"version-history":[{"count":1,"href":"https:\/\/www.secondhandtampere.fi\/en\/wp-json\/wp\/v2\/posts\/2105\/revisions"}],"predecessor-version":[{"id":2113,"href":"https:\/\/www.secondhandtampere.fi\/en\/wp-json\/wp\/v2\/posts\/2105\/revisions\/2113"}],"wp:featuredmedia":[{"embeddable":true,"href":"https:\/\/www.secondhandtampere.fi\/en\/wp-json\/wp\/v2\/media\/2112"}],"wp:attachment":[{"href":"https:\/\/www.secondhandtampere.fi\/en\/wp-json\/wp\/v2\/media?parent=2105"}],"wp:term":[{"taxonomy":"category","embeddable":true,"href":"https:\/\/www.secondhandtampere.fi\/en\/wp-json\/wp\/v2\/categories?post=2105"},{"taxonomy":"post_tag","embeddable":true,"href":"https:\/\/www.secondhandtampere.fi\/en\/wp-json\/wp\/v2\/tags?post=2105"}],"curies":[{"name":"wp","href":"https:\/\/api.w.org\/{rel}","templated":true}]}}